{"id":915,"date":"2024-06-12T15:21:41","date_gmt":"2024-06-12T13:21:41","guid":{"rendered":"https:\/\/vinissime.fr\/blog\/?p=915"},"modified":"2024-07-12T11:40:26","modified_gmt":"2024-07-12T09:40:26","slug":"le-domaine-de-reniteo","status":"publish","type":"post","link":"https:\/\/vinissime.fr\/blog\/le-domaine-de-reniteo\/","title":{"rendered":"Le domaine de Reniteo"},"content":{"rendered":"\n<h2 class=\"wp-block-heading\">Le domaine <\/h2>\n\n\n\n<p>Le Domaine de RENITEO se situe \u00e0 Amberlie,  \u00e0 une vingtaine de kilom\u00e8tres au Nord-Ouest de Roanne.<br>Le terme RENITEO, d&rsquo;origine latine signifie \u00ab\u00a0briller \u00e0 nouveau\u00a0\u00bb. <br>David Michelis reprend le domaine d&rsquo;Alain Baillon &#8211; excusez du peu &#8211; et ressuscite le domaine du Pavillon pour fonder Domaine de RENITEO en 2021.<\/p>\n\n\n\n<p>Alain Baillon, excellent vigneron et valeur s\u00fbre de l&rsquo;<a href=\"https:\/\/vinissime.fr\/blog\/cote-roannaise-et-igp-urfe\/\" target=\"_blank\" rel=\"noreferrer noopener\">appellation C\u00f4tes Roannaise<\/a>, exploitait jusqu&rsquo;\u00e0 r\u00e9cemment des vignes au pied du mont de la Madeleine. Ces vignes b\u00e9n\u00e9ficient d&rsquo;une exposition plein sud, \u00e0 une altitude moyenne de 400 m\u00e8tres. Ici le c\u00e9page dominant est le Gamay Saint Romain (un enfant du pays) dont 4 hectares ont plus de cinquante ans.<br><br>David jette ensuite son d\u00e9volu sur l&rsquo;ancien domaine du Pavillon (aux portes d\u2019Ambierle), pour y \u00e9lire domicile, y installer sa cuverie, son caveau de d\u00e9gustation et y am\u00e9nager un g\u00eete. <br>\u00c0 terme, le domaine comptera entre 10 et 11 hectares apr\u00e8s la plantation exp\u00e9rimentale de Syrah et surtout de Chenin.<br>D&#8217;embl\u00e9e le nouveau propri\u00e9taire convertit tout en bio (agr\u00e9ment en 2024) en vue de passer dans la foul\u00e9e \u00e0 la bio-dynamie.<\/p>\n\n\n\n<figure class=\"wp-block-image size-large\"><img loading=\"lazy\" decoding=\"async\" width=\"1024\" height=\"709\" src=\"https:\/\/vinissime.fr\/blog\/wp-content\/uploads\/2024\/04\/Domaine-de-RENITEO-1024x709.jpg\" alt=\"\" class=\"wp-image-917\" srcset=\"https:\/\/vinissime.fr\/blog\/wp-content\/uploads\/2024\/04\/Domaine-de-RENITEO-1024x709.jpg 1024w, https:\/\/vinissime.fr\/blog\/wp-content\/uploads\/2024\/04\/Domaine-de-RENITEO-300x208.jpg 300w, https:\/\/vinissime.fr\/blog\/wp-content\/uploads\/2024\/04\/Domaine-de-RENITEO-768x532.jpg 768w, https:\/\/vinissime.fr\/blog\/wp-content\/uploads\/2024\/04\/Domaine-de-RENITEO-1536x1063.jpg 1536w, https:\/\/vinissime.fr\/blog\/wp-content\/uploads\/2024\/04\/Domaine-de-RENITEO.jpg 1920w\" sizes=\"auto, (max-width: 1024px) 100vw, 1024px\" \/><\/figure>\n\n\n\n<p><\/p>\n\n\n\n<h2 class=\"wp-block-heading\">David Michelis<\/h2>\n\n\n\n<p>A 35 ans, David Michelis apr\u00e8s une dizaine d&rsquo;ann\u00e9es comme organisateur de tourn\u00e9es de spectacles souhaite se poser.  Un appel du pass\u00e9 ? (il vient d&rsquo;une famille aux racines agricoles), il suit les cours de l&rsquo;IUVV Jules Guyot (Institut Universitaire de la Vigne et du Vin Jules Guyot) \u00e0 Dijon. <br>Il passe ensuite un master de commerce international du vin. Ainsi bien form\u00e9, il passer sur le terrain.<\/p>\n\n\n\n<p>Il approfondit d&rsquo;abord les pratiques de vinification chez un vigneron de C\u00f4te R\u00f4tie et de <a href=\"https:\/\/vinissime.fr\/blog\/aop-condrieu\/\">Condrieu<\/a>.<br>Puis, il dirige, quelques temps, Terra Vitis qui f\u00e9d\u00e8re 1500 domaines viticoles. <br>Pour finir, c&rsquo;est un vigneron de C\u00f4te Roannaise, Romain Paire, qui lui pr\u00e9sente Alain Baillon. <br>Ce dernier cherche un repreneur pour son domaine viticole d&rsquo;Ambierle. Apr\u00e8s pourparlers de plusieurs mois, David s&rsquo;y installe en Avril 2021. <br>David Michelis concourt et devient laur\u00e9at du prix <a href=\"https:\/\/www.le-pays.fr\/ambierle-42820\/agriculture\/reniteo-un-domaine-viticole-davenir_14115356\/\" target=\"_blank\" rel=\"noreferrer noopener\">Vignerons et Terroirs d&rsquo;Avenir en 2022<\/a>.<br>Il se voit r\u00e9compenser tout \u00e0 la fois, pour son audace, son talent, sa d\u00e9marche respectueuse de l&rsquo;environnement.<br>Depuis, il plante, le jeune David, il plante et exp\u00e9rimente de nouveaux c\u00e9pages pour la r\u00e9gion <br>(le <a href=\"https:\/\/vinissime.fr\/blog\/le-viognier-un-cepage-survivant\/\" target=\"_blank\" rel=\"noreferrer noopener\">Viognier <\/a>et le Chenin). Il observe ses terroirs et nous livre ici (d\u00e9gustation suit) des nectars de caract\u00e8re, comme son auteur. Pour la Syrah et le viognier, Yves Cuilleron, excusez encore du peu, lui apprend \u00e0 les vinifier, et on comprend la curiosit\u00e9 de David quand on a un ma\u00eetre comme un des des grands de Vall\u00e9e du Rh\u00f4ne septentrionale.<\/p>\n\n\n\n<h2 class=\"wp-block-heading\">D\u00e9gustation <\/h2>\n\n\n\n<p>Nous avons d\u00e9gust\u00e9 1 blanc et 4 rouges.<\/p>\n\n\n\n<h3 class=\"wp-block-heading\">Le grand blanc d&rsquo;Urf\u00e9<\/h3>\n\n\n\n<p>Le blanc en IGP URF\u00c9 est issu du Chardonnay \u00e0 100 % et provient de vignes plant\u00e9es sur un terroir de sable et de quartz sur le plateau d\u2019Ambrieu \u00e0 450 m\u00e8tres d&rsquo;altitude. Le vin est \u00e9lev\u00e9 en f\u00fbts de 500 litres. Pourquoi le grand blanc comme titre ? Car il a tout d&rsquo;un grand, mais un grand d&rsquo;o\u00f9 ? de Bourgogne avec le soleil en plus. Ici on est plus sur Pouilly Fuiss\u00e9 que sur Meursault.<\/p>\n\n\n\n<p>Rien n&rsquo;est laiss\u00e9 au hasard chez David Michelis, pourtant si jeune dans le m\u00e9tier. Ses f\u00fbts sont fa\u00e7onn\u00e9s par la famille SYLVAIN pr\u00e8s de Saint Emilion. On est loin de Roanne et il existe d&rsquo;excellents tonneliers en Bourgogne aussi. Mais David appr\u00e9cie particuli\u00e8rement la d\u00e9marche de cette famille de tonneliers depuis 3 g\u00e9n\u00e9rations. De la coupe au f\u00fbt, David demande \u00e0 ce que ses r\u00e9cipients soient pr\u00e9par\u00e9s en <br>respectant le calendrier lunaire !  Sp\u00e9cial le gar\u00e7on, ou plut\u00f4t perfectionniste et visionnaire ?<br>Le r\u00e9sultat ne se fait pas attendre, ce vin est d\u2019une \u00e9l\u00e9gance exceptionnelle. <br>L\u00e9ger, a\u00e9rien et envo\u00fbtant, \u00e0 peine marqu\u00e9 par le bois&nbsp;(que je n\u2019avais pas rep\u00e9r\u00e9, honte \u00e0 moi ? ou effet d\u00e9sir\u00e9 ?) on termine sur des ar\u00f4mes charmeurs de p\u00eache de vigne avec une belle longueur. Je lui mets r\u00e9solument  une note +++ car j&rsquo;adore la p\u00eache de vigne \ud83d\ude42<\/p>\n\n\n\n<h3 class=\"wp-block-heading\">Le quatuor de rouges<\/h3>\n\n\n\n<p><strong>1 &#8211; La cuv\u00e9e POURPRE<\/strong>&nbsp;: Nous commen\u00e7ons les rouges par cet assemblage de Gamay Saint-Romain et de Gamay de Bouze (le c\u00e9page teinturier de la r\u00e9gion). Les vignes reposent sur un sol granitique. <br>Le Gamay Saint  Romain, ici tr\u00e8s bien travaill\u00e9 et sur ses sols de pr\u00e9dilection, ouvre sur des notes poivr\u00e9es et salines, min\u00e9rales, typiques du Gamay Saint-Romain. Le Gamay de Bouze livre sa puissance et sa rondeur, donnant un bel \u00e9quilibre \u00e0 cette cuv\u00e9e. <br>Ce vin est plus qu&rsquo;un canon de copains je lui mets ++<\/p>\n\n\n\n<p><strong>2 &#8211; La cuv\u00e9e LIGER&nbsp;<\/strong>: Sign\u00e9 100 % Gamay Saint Romain, Liger (en r\u00e9f\u00e9rence \u00e0 la Loire) encore plus poivr\u00e9e et saline que la pr\u00e9c\u00e9dente. Ses tanins encore un peu durs et l\u00e9g\u00e8rement amers, donnent \u00e0 penser que David se cherche sur cette cuv\u00e9e. Elle pr\u00e9sente un r\u00e9el int\u00e9r\u00eat quant \u00e0 l&rsquo;expression du terroir.<br>C&rsquo;est une bouteille \u00e0 red\u00e9couvrir en 2025 ?<\/p>\n\n\n\n<p><strong>3 &#8211; LA PART DES LIONNES&nbsp;<\/strong>: Encore une cuv\u00e9e 100% de Gamay Saint-Romain, la part des lionnes est une cuv\u00e9e parcellaire. Ce terroir se trouve sur le versent Est du coteau de Montplaisir. <br>Nous sommes \u00e0 plus de 400 m\u00e8tres d&rsquo;altitude donnant au vin une belle tension.<br>David \u00e9grappe les raisins \u00e9grapp\u00e9e qui effectuent une mac\u00e9ration de 12 jours en cuve inox. <br> Il vinifie ensuite pour un tiers dans des cuves sur lies fines, le restant en pi\u00e8ces de bois de  500 litres, genre de demi-muids.<br>Au nez c&rsquo;est un vin qui pr\u00e9sente une r\u00e9duction au nez,&nbsp; mais apr\u00e8s longue agitation vient le le fruit noir, la r\u00e9glisse, les \u00e9pices. C&rsquo;est un vin rond, soyeux, aux tanins bien m\u00fbrs, excellente cuv\u00e9e, je lui mets +++<\/p>\n\n\n\n<p><strong>4 &#8211; La cuv\u00e9e AVES<\/strong>&nbsp;(Les oiseaux en latin). Ce vin provient de tr\u00e8s vieilles vignes (peut-\u00eatre pr\u00e9 phyllox\u00e9riques) de Gamay St Romain donnant un vin puissant. Un peu dommage, on termine sur un nez encore assez ferm\u00e9 le jour de la d\u00e9gustation, mais avec une belle mati\u00e8re dense et min\u00e9rale en bouche. Encore une cuv\u00e9e \u00e0 attendre.<\/p>\n\n\n\n<p>En r\u00e9sum\u00e9, David Michelis, visionnaire, encore jeune dans le m\u00e9tier, n&rsquo;a pas fini de nous \u00e9blouir et de ravir nos palais. A suivre absolument.<\/p>\n","protected":false},"excerpt":{"rendered":"<p>Le domaine Le Domaine de RENITEO se situe \u00e0 Amberlie, \u00e0 une vingtaine de kilom\u00e8tres au Nord-Ouest de Roanne.Le terme RENITEO, d&rsquo;origine latine signifie \u00ab\u00a0briller \u00e0 nouveau\u00a0\u00bb. David Michelis reprend le domaine d&rsquo;Alain Baillon &#8211; excusez du peu &#8211; et ressuscite le domaine du Pavillon pour fonder Domaine de RENITEO en 2021. Alain Baillon, excellent [&hellip;]<\/p>\n","protected":false},"author":2,"featured_media":918,"comment_status":"open","ping_status":"open","sticky":false,"template":"","format":"standard","meta":{"footnotes":""},"categories":[31],"tags":[],"class_list":["post-915","post","type-post","status-publish","format-standard","has-post-thumbnail","hentry","category-vins-et-vignerons"],"yoast_head":"<!-- This site is optimized with the Yoast SEO plugin v22.4 - https:\/\/yoast.com\/wordpress\/plugins\/seo\/ -->\n<title>Le domaine de Reniteo - Le Blog de Vinissime<\/title>\n<meta name=\"description\" content=\"DOMAINE DE RENITEO \u2013 C\u00f4te Roannaise\" \/>\n<meta name=\"robots\" content=\"index, follow, max-snippet:-1, max-image-preview:large, max-video-preview:-1\" \/>\n<link rel=\"canonical\" href=\"https:\/\/vinissime.fr\/blog\/le-domaine-de-reniteo\/\" \/>\n<meta property=\"og:locale\" content=\"fr_FR\" \/>\n<meta property=\"og:type\" content=\"article\" \/>\n<meta property=\"og:title\" content=\"Le domaine de Reniteo - Le Blog de Vinissime\" \/>\n<meta property=\"og:description\" content=\"DOMAINE DE RENITEO \u2013 C\u00f4te Roannaise\" \/>\n<meta property=\"og:url\" content=\"https:\/\/vinissime.fr\/blog\/le-domaine-de-reniteo\/\" \/>\n<meta property=\"og:site_name\" content=\"Le Blog de Vinissime\" \/>\n<meta property=\"article:published_time\" content=\"2024-06-12T13:21:41+00:00\" \/>\n<meta property=\"article:modified_time\" content=\"2024-07-12T09:40:26+00:00\" \/>\n<meta property=\"og:image\" content=\"https:\/\/vinissime.fr\/blog\/wp-content\/uploads\/2024\/04\/david-michelis-poursuit-son-plan-de-developpement-avec-la-plantation-de-4-000-pieds-de-vignes-sur-1-ha-photo-progres-benoit-darcq-1651255006.jpg\" \/>\n\t<meta property=\"og:image:width\" content=\"1920\" \/>\n\t<meta property=\"og:image:height\" content=\"1329\" \/>\n\t<meta property=\"og:image:type\" content=\"image\/jpeg\" \/>\n<meta name=\"author\" content=\"Philippe CATZ\" \/>\n<meta name=\"twitter:card\" content=\"summary_large_image\" \/>\n<meta name=\"twitter:label1\" content=\"\u00c9crit par\" \/>\n\t<meta name=\"twitter:data1\" content=\"Philippe CATZ\" \/>\n\t<meta name=\"twitter:label2\" content=\"Dur\u00e9e de lecture estim\u00e9e\" \/>\n\t<meta name=\"twitter:data2\" content=\"6 minutes\" \/>\n<script type=\"application\/ld+json\" class=\"yoast-schema-graph\">{\"@context\":\"https:\/\/schema.org\",\"@graph\":[{\"@type\":\"WebPage\",\"@id\":\"https:\/\/vinissime.fr\/blog\/le-domaine-de-reniteo\/\",\"url\":\"https:\/\/vinissime.fr\/blog\/le-domaine-de-reniteo\/\",\"name\":\"Le domaine de Reniteo - Le Blog de Vinissime\",\"isPartOf\":{\"@id\":\"https:\/\/vinissime.fr\/blog\/#website\"},\"primaryImageOfPage\":{\"@id\":\"https:\/\/vinissime.fr\/blog\/le-domaine-de-reniteo\/#primaryimage\"},\"image\":{\"@id\":\"https:\/\/vinissime.fr\/blog\/le-domaine-de-reniteo\/#primaryimage\"},\"thumbnailUrl\":\"https:\/\/vinissime.fr\/blog\/wp-content\/uploads\/2024\/04\/david-michelis-poursuit-son-plan-de-developpement-avec-la-plantation-de-4-000-pieds-de-vignes-sur-1-ha-photo-progres-benoit-darcq-1651255006.jpg\",\"datePublished\":\"2024-06-12T13:21:41+00:00\",\"dateModified\":\"2024-07-12T09:40:26+00:00\",\"author\":{\"@id\":\"https:\/\/vinissime.fr\/blog\/#\/schema\/person\/e2fd0ea8a49f2d6f89f697728d807b55\"},\"description\":\"DOMAINE DE RENITEO \u2013 C\u00f4te Roannaise\",\"breadcrumb\":{\"@id\":\"https:\/\/vinissime.fr\/blog\/le-domaine-de-reniteo\/#breadcrumb\"},\"inLanguage\":\"fr-FR\",\"potentialAction\":[{\"@type\":\"ReadAction\",\"target\":[\"https:\/\/vinissime.fr\/blog\/le-domaine-de-reniteo\/\"]}]},{\"@type\":\"ImageObject\",\"inLanguage\":\"fr-FR\",\"@id\":\"https:\/\/vinissime.fr\/blog\/le-domaine-de-reniteo\/#primaryimage\",\"url\":\"https:\/\/vinissime.fr\/blog\/wp-content\/uploads\/2024\/04\/david-michelis-poursuit-son-plan-de-developpement-avec-la-plantation-de-4-000-pieds-de-vignes-sur-1-ha-photo-progres-benoit-darcq-1651255006.jpg\",\"contentUrl\":\"https:\/\/vinissime.fr\/blog\/wp-content\/uploads\/2024\/04\/david-michelis-poursuit-son-plan-de-developpement-avec-la-plantation-de-4-000-pieds-de-vignes-sur-1-ha-photo-progres-benoit-darcq-1651255006.jpg\",\"width\":1920,\"height\":1329},{\"@type\":\"BreadcrumbList\",\"@id\":\"https:\/\/vinissime.fr\/blog\/le-domaine-de-reniteo\/#breadcrumb\",\"itemListElement\":[{\"@type\":\"ListItem\",\"position\":1,\"name\":\"Accueil\",\"item\":\"https:\/\/vinissime.fr\/blog\/\"},{\"@type\":\"ListItem\",\"position\":2,\"name\":\"Le domaine de Reniteo\"}]},{\"@type\":\"WebSite\",\"@id\":\"https:\/\/vinissime.fr\/blog\/#website\",\"url\":\"https:\/\/vinissime.fr\/blog\/\",\"name\":\"Le Blog de Vinissime\",\"description\":\"\",\"potentialAction\":[{\"@type\":\"SearchAction\",\"target\":{\"@type\":\"EntryPoint\",\"urlTemplate\":\"https:\/\/vinissime.fr\/blog\/?s={search_term_string}\"},\"query-input\":\"required name=search_term_string\"}],\"inLanguage\":\"fr-FR\"},{\"@type\":\"Person\",\"@id\":\"https:\/\/vinissime.fr\/blog\/#\/schema\/person\/e2fd0ea8a49f2d6f89f697728d807b55\",\"name\":\"Philippe CATZ\",\"image\":{\"@type\":\"ImageObject\",\"inLanguage\":\"fr-FR\",\"@id\":\"https:\/\/vinissime.fr\/blog\/#\/schema\/person\/image\/\",\"url\":\"https:\/\/secure.gravatar.com\/avatar\/a2f38f1c1ecb8ab39b1713a192a784ec9130b1b520a02d8a41a464ceb10c19d8?s=96&d=mm&r=g\",\"contentUrl\":\"https:\/\/secure.gravatar.com\/avatar\/a2f38f1c1ecb8ab39b1713a192a784ec9130b1b520a02d8a41a464ceb10c19d8?s=96&d=mm&r=g\",\"caption\":\"Philippe CATZ\"},\"url\":\"https:\/\/vinissime.fr\/blog\/author\/philippe_cm_blog\/\"}]}<\/script>\n<!-- \/ Yoast SEO plugin. -->","yoast_head_json":{"title":"Le domaine de Reniteo - Le Blog de Vinissime","description":"DOMAINE DE RENITEO \u2013 C\u00f4te Roannaise","robots":{"index":"index","follow":"follow","max-snippet":"max-snippet:-1","max-image-preview":"max-image-preview:large","max-video-preview":"max-video-preview:-1"},"canonical":"https:\/\/vinissime.fr\/blog\/le-domaine-de-reniteo\/","og_locale":"fr_FR","og_type":"article","og_title":"Le domaine de Reniteo - Le Blog de Vinissime","og_description":"DOMAINE DE RENITEO \u2013 C\u00f4te Roannaise","og_url":"https:\/\/vinissime.fr\/blog\/le-domaine-de-reniteo\/","og_site_name":"Le Blog de Vinissime","article_published_time":"2024-06-12T13:21:41+00:00","article_modified_time":"2024-07-12T09:40:26+00:00","og_image":[{"width":1920,"height":1329,"url":"https:\/\/vinissime.fr\/blog\/wp-content\/uploads\/2024\/04\/david-michelis-poursuit-son-plan-de-developpement-avec-la-plantation-de-4-000-pieds-de-vignes-sur-1-ha-photo-progres-benoit-darcq-1651255006.jpg","type":"image\/jpeg"}],"author":"Philippe CATZ","twitter_card":"summary_large_image","twitter_misc":{"\u00c9crit par":"Philippe CATZ","Dur\u00e9e de lecture estim\u00e9e":"6 minutes"},"schema":{"@context":"https:\/\/schema.org","@graph":[{"@type":"WebPage","@id":"https:\/\/vinissime.fr\/blog\/le-domaine-de-reniteo\/","url":"https:\/\/vinissime.fr\/blog\/le-domaine-de-reniteo\/","name":"Le domaine de Reniteo - Le Blog de Vinissime","isPartOf":{"@id":"https:\/\/vinissime.fr\/blog\/#website"},"primaryImageOfPage":{"@id":"https:\/\/vinissime.fr\/blog\/le-domaine-de-reniteo\/#primaryimage"},"image":{"@id":"https:\/\/vinissime.fr\/blog\/le-domaine-de-reniteo\/#primaryimage"},"thumbnailUrl":"https:\/\/vinissime.fr\/blog\/wp-content\/uploads\/2024\/04\/david-michelis-poursuit-son-plan-de-developpement-avec-la-plantation-de-4-000-pieds-de-vignes-sur-1-ha-photo-progres-benoit-darcq-1651255006.jpg","datePublished":"2024-06-12T13:21:41+00:00","dateModified":"2024-07-12T09:40:26+00:00","author":{"@id":"https:\/\/vinissime.fr\/blog\/#\/schema\/person\/e2fd0ea8a49f2d6f89f697728d807b55"},"description":"DOMAINE DE RENITEO \u2013 C\u00f4te Roannaise","breadcrumb":{"@id":"https:\/\/vinissime.fr\/blog\/le-domaine-de-reniteo\/#breadcrumb"},"inLanguage":"fr-FR","potentialAction":[{"@type":"ReadAction","target":["https:\/\/vinissime.fr\/blog\/le-domaine-de-reniteo\/"]}]},{"@type":"ImageObject","inLanguage":"fr-FR","@id":"https:\/\/vinissime.fr\/blog\/le-domaine-de-reniteo\/#primaryimage","url":"https:\/\/vinissime.fr\/blog\/wp-content\/uploads\/2024\/04\/david-michelis-poursuit-son-plan-de-developpement-avec-la-plantation-de-4-000-pieds-de-vignes-sur-1-ha-photo-progres-benoit-darcq-1651255006.jpg","contentUrl":"https:\/\/vinissime.fr\/blog\/wp-content\/uploads\/2024\/04\/david-michelis-poursuit-son-plan-de-developpement-avec-la-plantation-de-4-000-pieds-de-vignes-sur-1-ha-photo-progres-benoit-darcq-1651255006.jpg","width":1920,"height":1329},{"@type":"BreadcrumbList","@id":"https:\/\/vinissime.fr\/blog\/le-domaine-de-reniteo\/#breadcrumb","itemListElement":[{"@type":"ListItem","position":1,"name":"Accueil","item":"https:\/\/vinissime.fr\/blog\/"},{"@type":"ListItem","position":2,"name":"Le domaine de Reniteo"}]},{"@type":"WebSite","@id":"https:\/\/vinissime.fr\/blog\/#website","url":"https:\/\/vinissime.fr\/blog\/","name":"Le Blog de Vinissime","description":"","potentialAction":[{"@type":"SearchAction","target":{"@type":"EntryPoint","urlTemplate":"https:\/\/vinissime.fr\/blog\/?s={search_term_string}"},"query-input":"required name=search_term_string"}],"inLanguage":"fr-FR"},{"@type":"Person","@id":"https:\/\/vinissime.fr\/blog\/#\/schema\/person\/e2fd0ea8a49f2d6f89f697728d807b55","name":"Philippe CATZ","image":{"@type":"ImageObject","inLanguage":"fr-FR","@id":"https:\/\/vinissime.fr\/blog\/#\/schema\/person\/image\/","url":"https:\/\/secure.gravatar.com\/avatar\/a2f38f1c1ecb8ab39b1713a192a784ec9130b1b520a02d8a41a464ceb10c19d8?s=96&d=mm&r=g","contentUrl":"https:\/\/secure.gravatar.com\/avatar\/a2f38f1c1ecb8ab39b1713a192a784ec9130b1b520a02d8a41a464ceb10c19d8?s=96&d=mm&r=g","caption":"Philippe CATZ"},"url":"https:\/\/vinissime.fr\/blog\/author\/philippe_cm_blog\/"}]}},"_links":{"self":[{"href":"https:\/\/vinissime.fr\/blog\/wp-json\/wp\/v2\/posts\/915","targetHints":{"allow":["GET"]}}],"collection":[{"href":"https:\/\/vinissime.fr\/blog\/wp-json\/wp\/v2\/posts"}],"about":[{"href":"https:\/\/vinissime.fr\/blog\/wp-json\/wp\/v2\/types\/post"}],"author":[{"embeddable":true,"href":"https:\/\/vinissime.fr\/blog\/wp-json\/wp\/v2\/users\/2"}],"replies":[{"embeddable":true,"href":"https:\/\/vinissime.fr\/blog\/wp-json\/wp\/v2\/comments?post=915"}],"version-history":[{"count":17,"href":"https:\/\/vinissime.fr\/blog\/wp-json\/wp\/v2\/posts\/915\/revisions"}],"predecessor-version":[{"id":1066,"href":"https:\/\/vinissime.fr\/blog\/wp-json\/wp\/v2\/posts\/915\/revisions\/1066"}],"wp:featuredmedia":[{"embeddable":true,"href":"https:\/\/vinissime.fr\/blog\/wp-json\/wp\/v2\/media\/918"}],"wp:attachment":[{"href":"https:\/\/vinissime.fr\/blog\/wp-json\/wp\/v2\/media?parent=915"}],"wp:term":[{"taxonomy":"category","embeddable":true,"href":"https:\/\/vinissime.fr\/blog\/wp-json\/wp\/v2\/categories?post=915"},{"taxonomy":"post_tag","embeddable":true,"href":"https:\/\/vinissime.fr\/blog\/wp-json\/wp\/v2\/tags?post=915"}],"curies":[{"name":"wp","href":"https:\/\/api.w.org\/{rel}","templated":true}]}}